{"id":127,"date":"2015-11-13T15:08:59","date_gmt":"2015-11-13T14:08:59","guid":{"rendered":"https:\/\/vergerdefouisseul.wordpress.com\/?p=127"},"modified":"2016-12-28T15:05:43","modified_gmt":"2016-12-28T14:05:43","slug":"facade-nord-terminee","status":"publish","type":"post","link":"https:\/\/www.vergerdefouisseul.com\/index.php\/2015\/11\/13\/facade-nord-terminee\/","title":{"rendered":"Fa\u00e7ade Nord termin\u00e9e&#8230;"},"content":{"rendered":"<p>Les ma\u00e7ons ont fini depuis quelques jours la fa\u00e7ade Nord de notre habitation.<br \/>\nLe r\u00e9sultat est superbe.<\/p>\n<p><a href=\"https:\/\/www.vergerdefouisseul.com\/wp-content\/uploads\/2015\/10\/facade_nord_entravaux2.jpg\"><img loading=\"lazy\" decoding=\"async\" class=\"size-medium wp-image-82 aligncenter\" src=\"https:\/\/www.vergerdefouisseul.com\/wp-content\/uploads\/2015\/10\/facade_nord_entravaux2.jpg?w=300\" alt=\"facade_nord_entravaux2\" width=\"300\" height=\"169\" srcset=\"https:\/\/www.vergerdefouisseul.com\/wp-content\/uploads\/2015\/10\/facade_nord_entravaux2.jpg 960w, https:\/\/www.vergerdefouisseul.com\/wp-content\/uploads\/2015\/10\/facade_nord_entravaux2-300x169.jpg 300w, https:\/\/www.vergerdefouisseul.com\/wp-content\/uploads\/2015\/10\/facade_nord_entravaux2-768x432.jpg 768w\" sizes=\"auto, (max-width: 300px) 100vw, 300px\" \/><\/a>Les extensions en parpaing ont \u00e9t\u00e9 recouvertes de terre ce qui embellie vraiment la fa\u00e7ade.<\/p>\n<p>Voici une vision d&rsquo;avant\/apr\u00e8s :<\/p>\n<p><a href=\"https:\/\/www.vergerdefouisseul.com\/wp-content\/uploads\/2015\/11\/facade-nord-avant.jpg\"><img loading=\"lazy\" decoding=\"async\" class=\"size-medium wp-image-128 aligncenter\" src=\"https:\/\/www.vergerdefouisseul.com\/wp-content\/uploads\/2015\/11\/facade-nord-avant.jpg?w=300\" alt=\"facade nord avant\" width=\"300\" height=\"169\" srcset=\"https:\/\/www.vergerdefouisseul.com\/wp-content\/uploads\/2015\/11\/facade-nord-avant.jpg 2048w, https:\/\/www.vergerdefouisseul.com\/wp-content\/uploads\/2015\/11\/facade-nord-avant-300x169.jpg 300w, https:\/\/www.vergerdefouisseul.com\/wp-content\/uploads\/2015\/11\/facade-nord-avant-768x432.jpg 768w, https:\/\/www.vergerdefouisseul.com\/wp-content\/uploads\/2015\/11\/facade-nord-avant-1024x576.jpg 1024w, https:\/\/www.vergerdefouisseul.com\/wp-content\/uploads\/2015\/11\/facade-nord-avant-1200x675.jpg 1200w\" sizes=\"auto, (max-width: 300px) 100vw, 300px\" \/><\/a><\/p>\n<p><a href=\"https:\/\/www.vergerdefouisseul.com\/wp-content\/uploads\/2015\/11\/facade_nord_apres1.jpg\"><img loading=\"lazy\" decoding=\"async\" class=\"size-medium wp-image-135 aligncenter\" src=\"https:\/\/www.vergerdefouisseul.com\/wp-content\/uploads\/2015\/11\/facade_nord_apres1.jpg?w=300\" alt=\"facade_nord_apres1\" width=\"300\" height=\"199\" srcset=\"https:\/\/www.vergerdefouisseul.com\/wp-content\/uploads\/2015\/11\/facade_nord_apres1.jpg 2048w, https:\/\/www.vergerdefouisseul.com\/wp-content\/uploads\/2015\/11\/facade_nord_apres1-300x199.jpg 300w, https:\/\/www.vergerdefouisseul.com\/wp-content\/uploads\/2015\/11\/facade_nord_apres1-768x509.jpg 768w, https:\/\/www.vergerdefouisseul.com\/wp-content\/uploads\/2015\/11\/facade_nord_apres1-1024x678.jpg 1024w, https:\/\/www.vergerdefouisseul.com\/wp-content\/uploads\/2015\/11\/facade_nord_apres1-1200x795.jpg 1200w\" sizes=\"auto, (max-width: 300px) 100vw, 300px\" \/><\/a><\/p>\n<p><a href=\"https:\/\/www.vergerdefouisseul.com\/wp-content\/uploads\/2015\/11\/facade_nord_apres3.jpg\"><img loading=\"lazy\" decoding=\"async\" class=\"alignnone size-medium wp-image-137\" src=\"https:\/\/www.vergerdefouisseul.com\/wp-content\/uploads\/2015\/11\/facade_nord_apres3.jpg?w=300\" alt=\"facade_nord_apres3\" width=\"300\" height=\"199\" srcset=\"https:\/\/www.vergerdefouisseul.com\/wp-content\/uploads\/2015\/11\/facade_nord_apres3.jpg 2048w, https:\/\/www.vergerdefouisseul.com\/wp-content\/uploads\/2015\/11\/facade_nord_apres3-300x199.jpg 300w, https:\/\/www.vergerdefouisseul.com\/wp-content\/uploads\/2015\/11\/facade_nord_apres3-768x509.jpg 768w, https:\/\/www.vergerdefouisseul.com\/wp-content\/uploads\/2015\/11\/facade_nord_apres3-1024x678.jpg 1024w, https:\/\/www.vergerdefouisseul.com\/wp-content\/uploads\/2015\/11\/facade_nord_apres3-1200x795.jpg 1200w\" sizes=\"auto, (max-width: 300px) 100vw, 300px\" \/><\/a> <a href=\"https:\/\/www.vergerdefouisseul.com\/wp-content\/uploads\/2015\/11\/facade_nord_apres2.jpg\"><img loading=\"lazy\" decoding=\"async\" class=\"alignnone size-medium wp-image-136\" src=\"https:\/\/www.vergerdefouisseul.com\/wp-content\/uploads\/2015\/11\/facade_nord_apres2.jpg?w=300\" alt=\"facade_nord_apres2\" width=\"300\" height=\"199\" srcset=\"https:\/\/www.vergerdefouisseul.com\/wp-content\/uploads\/2015\/11\/facade_nord_apres2.jpg 2048w, https:\/\/www.vergerdefouisseul.com\/wp-content\/uploads\/2015\/11\/facade_nord_apres2-300x199.jpg 300w, https:\/\/www.vergerdefouisseul.com\/wp-content\/uploads\/2015\/11\/facade_nord_apres2-768x509.jpg 768w, https:\/\/www.vergerdefouisseul.com\/wp-content\/uploads\/2015\/11\/facade_nord_apres2-1024x678.jpg 1024w, https:\/\/www.vergerdefouisseul.com\/wp-content\/uploads\/2015\/11\/facade_nord_apres2-1200x795.jpg 1200w\" sizes=\"auto, (max-width: 300px) 100vw, 300px\" \/><\/a><\/p>\n<p><span style=\"border-radius: 2px; text-indent: 20px; width: auto; padding: 0px 4px 0px 0px; text-align: center; font: bold 11px\/20px 'Helvetica Neue',Helvetica,sans-serif; color: #ffffff; background: #bd081c  no-repeat scroll 3px 50% \/ 14px 14px; position: absolute; opacity: 1; z-index: 8675309; display: none; cursor: pointer; top: 872px; left: 20px;\">Enregistrer<\/span><\/p>\n","protected":false},"excerpt":{"rendered":"<p>Les ma\u00e7ons ont fini depuis quelques jours la fa\u00e7ade Nord de notre habitation. Le r\u00e9sultat est superbe. Les extensions en parpaing ont \u00e9t\u00e9 recouvertes de terre ce qui embellie vraiment la fa\u00e7ade. Voici une vision d&rsquo;avant\/apr\u00e8s : Enregistrer<\/p>\n","protected":false},"author":2,"featured_media":0,"comment_status":"closed","ping_status":"open","sticky":false,"template":"","format":"standard","meta":{"footnotes":""},"categories":[4],"tags":[7,11,12,14,15,16],"class_list":{"0":"post-127","1":"post","2":"type-post","3":"status-publish","4":"format-standard","6":"category-non-classe","7":"tag-bauge","8":"tag-gite","9":"tag-murs","10":"tag-pierre","11":"tag-renovation","12":"tag-travaux","13":"czr-hentry"},"yoast_head":"<!-- This site is optimized with the Yoast SEO plugin v25.9 - https:\/\/yoast.com\/wordpress\/plugins\/seo\/ -->\n<title>Fa\u00e7ade Nord termin\u00e9e... - Le Verger de Fouisseul<\/title>\n<meta name=\"robots\" content=\"index, follow, max-snippet:-1, max-image-preview:large, max-video-preview:-1\" \/>\n<link rel=\"canonical\" href=\"https:\/\/www.vergerdefouisseul.com\/index.php\/2015\/11\/13\/facade-nord-terminee\/\" \/>\n<meta property=\"og:locale\" content=\"fr_FR\" \/>\n<meta property=\"og:type\" content=\"article\" \/>\n<meta property=\"og:title\" content=\"Fa\u00e7ade Nord termin\u00e9e... - Le Verger de Fouisseul\" \/>\n<meta property=\"og:description\" content=\"Les ma\u00e7ons ont fini depuis quelques jours la fa\u00e7ade Nord de notre habitation. Le r\u00e9sultat est superbe. Les extensions en parpaing ont \u00e9t\u00e9 recouvertes de terre ce qui embellie vraiment la fa\u00e7ade. Voici une vision d&rsquo;avant\/apr\u00e8s : Enregistrer\" \/>\n<meta property=\"og:url\" content=\"https:\/\/www.vergerdefouisseul.com\/index.php\/2015\/11\/13\/facade-nord-terminee\/\" \/>\n<meta property=\"og:site_name\" content=\"Le Verger de Fouisseul\" \/>\n<meta property=\"article:publisher\" content=\"https:\/\/www.facebook.com\/vergerfouisseul\" \/>\n<meta property=\"article:published_time\" content=\"2015-11-13T14:08:59+00:00\" \/>\n<meta property=\"article:modified_time\" content=\"2016-12-28T14:05:43+00:00\" \/>\n<meta property=\"og:image\" content=\"https:\/\/www.vergerdefouisseul.com\/wp-content\/uploads\/2015\/10\/facade_nord_entravaux2.jpg?w=300\" \/>\n<meta name=\"author\" content=\"vergerfouisseul\" \/>\n<meta name=\"twitter:card\" content=\"summary_large_image\" \/>\n<meta name=\"twitter:label1\" content=\"\u00c9crit par\" \/>\n\t<meta name=\"twitter:data1\" content=\"vergerfouisseul\" \/>\n<script type=\"application\/ld+json\" class=\"yoast-schema-graph\">{\"@context\":\"https:\/\/schema.org\",\"@graph\":[{\"@type\":\"WebPage\",\"@id\":\"https:\/\/www.vergerdefouisseul.com\/index.php\/2015\/11\/13\/facade-nord-terminee\/\",\"url\":\"https:\/\/www.vergerdefouisseul.com\/index.php\/2015\/11\/13\/facade-nord-terminee\/\",\"name\":\"Fa\u00e7ade Nord termin\u00e9e... - Le Verger de Fouisseul\",\"isPartOf\":{\"@id\":\"https:\/\/www.vergerdefouisseul.com\/#website\"},\"primaryImageOfPage\":{\"@id\":\"https:\/\/www.vergerdefouisseul.com\/index.php\/2015\/11\/13\/facade-nord-terminee\/#primaryimage\"},\"image\":{\"@id\":\"https:\/\/www.vergerdefouisseul.com\/index.php\/2015\/11\/13\/facade-nord-terminee\/#primaryimage\"},\"thumbnailUrl\":\"https:\/\/www.vergerdefouisseul.com\/wp-content\/uploads\/2015\/10\/facade_nord_entravaux2.jpg?w=300\",\"datePublished\":\"2015-11-13T14:08:59+00:00\",\"dateModified\":\"2016-12-28T14:05:43+00:00\",\"author\":{\"@id\":\"https:\/\/www.vergerdefouisseul.com\/#\/schema\/person\/683eb21045c78694cad2b34e6089f78e\"},\"breadcrumb\":{\"@id\":\"https:\/\/www.vergerdefouisseul.com\/index.php\/2015\/11\/13\/facade-nord-terminee\/#breadcrumb\"},\"inLanguage\":\"fr-FR\",\"potentialAction\":[{\"@type\":\"ReadAction\",\"target\":[\"https:\/\/www.vergerdefouisseul.com\/index.php\/2015\/11\/13\/facade-nord-terminee\/\"]}]},{\"@type\":\"ImageObject\",\"inLanguage\":\"fr-FR\",\"@id\":\"https:\/\/www.vergerdefouisseul.com\/index.php\/2015\/11\/13\/facade-nord-terminee\/#primaryimage\",\"url\":\"https:\/\/www.vergerdefouisseul.com\/wp-content\/uploads\/2015\/10\/facade_nord_entravaux2.jpg\",\"contentUrl\":\"https:\/\/www.vergerdefouisseul.com\/wp-content\/uploads\/2015\/10\/facade_nord_entravaux2.jpg\",\"width\":960,\"height\":540},{\"@type\":\"BreadcrumbList\",\"@id\":\"https:\/\/www.vergerdefouisseul.com\/index.php\/2015\/11\/13\/facade-nord-terminee\/#breadcrumb\",\"itemListElement\":[{\"@type\":\"ListItem\",\"position\":1,\"name\":\"Accueil\",\"item\":\"https:\/\/www.vergerdefouisseul.com\/\"},{\"@type\":\"ListItem\",\"position\":2,\"name\":\"Fa\u00e7ade Nord termin\u00e9e&#8230;\"}]},{\"@type\":\"WebSite\",\"@id\":\"https:\/\/www.vergerdefouisseul.com\/#website\",\"url\":\"https:\/\/www.vergerdefouisseul.com\/\",\"name\":\"Le Verger de Fouisseul\",\"description\":\"\",\"potentialAction\":[{\"@type\":\"SearchAction\",\"target\":{\"@type\":\"EntryPoint\",\"urlTemplate\":\"https:\/\/www.vergerdefouisseul.com\/?s={search_term_string}\"},\"query-input\":{\"@type\":\"PropertyValueSpecification\",\"valueRequired\":true,\"valueName\":\"search_term_string\"}}],\"inLanguage\":\"fr-FR\"},{\"@type\":\"Person\",\"@id\":\"https:\/\/www.vergerdefouisseul.com\/#\/schema\/person\/683eb21045c78694cad2b34e6089f78e\",\"name\":\"vergerfouisseul\",\"image\":{\"@type\":\"ImageObject\",\"inLanguage\":\"fr-FR\",\"@id\":\"https:\/\/www.vergerdefouisseul.com\/#\/schema\/person\/image\/\",\"url\":\"https:\/\/secure.gravatar.com\/avatar\/c7f66d1aefec62ec98bf4f677d0d81077f21a3843c054081cbc4bd1053801f5b?s=96&d=mm&r=g\",\"contentUrl\":\"https:\/\/secure.gravatar.com\/avatar\/c7f66d1aefec62ec98bf4f677d0d81077f21a3843c054081cbc4bd1053801f5b?s=96&d=mm&r=g\",\"caption\":\"vergerfouisseul\"},\"url\":\"https:\/\/www.vergerdefouisseul.com\/index.php\/author\/vergerfouisseul\/\"}]}<\/script>\n<!-- \/ Yoast SEO plugin. -->","yoast_head_json":{"title":"Fa\u00e7ade Nord termin\u00e9e... - Le Verger de Fouisseul","robots":{"index":"index","follow":"follow","max-snippet":"max-snippet:-1","max-image-preview":"max-image-preview:large","max-video-preview":"max-video-preview:-1"},"canonical":"https:\/\/www.vergerdefouisseul.com\/index.php\/2015\/11\/13\/facade-nord-terminee\/","og_locale":"fr_FR","og_type":"article","og_title":"Fa\u00e7ade Nord termin\u00e9e... - Le Verger de Fouisseul","og_description":"Les ma\u00e7ons ont fini depuis quelques jours la fa\u00e7ade Nord de notre habitation. Le r\u00e9sultat est superbe. Les extensions en parpaing ont \u00e9t\u00e9 recouvertes de terre ce qui embellie vraiment la fa\u00e7ade. Voici une vision d&rsquo;avant\/apr\u00e8s : Enregistrer","og_url":"https:\/\/www.vergerdefouisseul.com\/index.php\/2015\/11\/13\/facade-nord-terminee\/","og_site_name":"Le Verger de Fouisseul","article_publisher":"https:\/\/www.facebook.com\/vergerfouisseul","article_published_time":"2015-11-13T14:08:59+00:00","article_modified_time":"2016-12-28T14:05:43+00:00","og_image":[{"url":"https:\/\/www.vergerdefouisseul.com\/wp-content\/uploads\/2015\/10\/facade_nord_entravaux2.jpg?w=300","type":"","width":"","height":""}],"author":"vergerfouisseul","twitter_card":"summary_large_image","twitter_misc":{"\u00c9crit par":"vergerfouisseul"},"schema":{"@context":"https:\/\/schema.org","@graph":[{"@type":"WebPage","@id":"https:\/\/www.vergerdefouisseul.com\/index.php\/2015\/11\/13\/facade-nord-terminee\/","url":"https:\/\/www.vergerdefouisseul.com\/index.php\/2015\/11\/13\/facade-nord-terminee\/","name":"Fa\u00e7ade Nord termin\u00e9e... - Le Verger de Fouisseul","isPartOf":{"@id":"https:\/\/www.vergerdefouisseul.com\/#website"},"primaryImageOfPage":{"@id":"https:\/\/www.vergerdefouisseul.com\/index.php\/2015\/11\/13\/facade-nord-terminee\/#primaryimage"},"image":{"@id":"https:\/\/www.vergerdefouisseul.com\/index.php\/2015\/11\/13\/facade-nord-terminee\/#primaryimage"},"thumbnailUrl":"https:\/\/www.vergerdefouisseul.com\/wp-content\/uploads\/2015\/10\/facade_nord_entravaux2.jpg?w=300","datePublished":"2015-11-13T14:08:59+00:00","dateModified":"2016-12-28T14:05:43+00:00","author":{"@id":"https:\/\/www.vergerdefouisseul.com\/#\/schema\/person\/683eb21045c78694cad2b34e6089f78e"},"breadcrumb":{"@id":"https:\/\/www.vergerdefouisseul.com\/index.php\/2015\/11\/13\/facade-nord-terminee\/#breadcrumb"},"inLanguage":"fr-FR","potentialAction":[{"@type":"ReadAction","target":["https:\/\/www.vergerdefouisseul.com\/index.php\/2015\/11\/13\/facade-nord-terminee\/"]}]},{"@type":"ImageObject","inLanguage":"fr-FR","@id":"https:\/\/www.vergerdefouisseul.com\/index.php\/2015\/11\/13\/facade-nord-terminee\/#primaryimage","url":"https:\/\/www.vergerdefouisseul.com\/wp-content\/uploads\/2015\/10\/facade_nord_entravaux2.jpg","contentUrl":"https:\/\/www.vergerdefouisseul.com\/wp-content\/uploads\/2015\/10\/facade_nord_entravaux2.jpg","width":960,"height":540},{"@type":"BreadcrumbList","@id":"https:\/\/www.vergerdefouisseul.com\/index.php\/2015\/11\/13\/facade-nord-terminee\/#breadcrumb","itemListElement":[{"@type":"ListItem","position":1,"name":"Accueil","item":"https:\/\/www.vergerdefouisseul.com\/"},{"@type":"ListItem","position":2,"name":"Fa\u00e7ade Nord termin\u00e9e&#8230;"}]},{"@type":"WebSite","@id":"https:\/\/www.vergerdefouisseul.com\/#website","url":"https:\/\/www.vergerdefouisseul.com\/","name":"Le Verger de Fouisseul","description":"","potentialAction":[{"@type":"SearchAction","target":{"@type":"EntryPoint","urlTemplate":"https:\/\/www.vergerdefouisseul.com\/?s={search_term_string}"},"query-input":{"@type":"PropertyValueSpecification","valueRequired":true,"valueName":"search_term_string"}}],"inLanguage":"fr-FR"},{"@type":"Person","@id":"https:\/\/www.vergerdefouisseul.com\/#\/schema\/person\/683eb21045c78694cad2b34e6089f78e","name":"vergerfouisseul","image":{"@type":"ImageObject","inLanguage":"fr-FR","@id":"https:\/\/www.vergerdefouisseul.com\/#\/schema\/person\/image\/","url":"https:\/\/secure.gravatar.com\/avatar\/c7f66d1aefec62ec98bf4f677d0d81077f21a3843c054081cbc4bd1053801f5b?s=96&d=mm&r=g","contentUrl":"https:\/\/secure.gravatar.com\/avatar\/c7f66d1aefec62ec98bf4f677d0d81077f21a3843c054081cbc4bd1053801f5b?s=96&d=mm&r=g","caption":"vergerfouisseul"},"url":"https:\/\/www.vergerdefouisseul.com\/index.php\/author\/vergerfouisseul\/"}]}},"_links":{"self":[{"href":"https:\/\/www.vergerdefouisseul.com\/index.php\/wp-json\/wp\/v2\/posts\/127","targetHints":{"allow":["GET"]}}],"collection":[{"href":"https:\/\/www.vergerdefouisseul.com\/index.php\/wp-json\/wp\/v2\/posts"}],"about":[{"href":"https:\/\/www.vergerdefouisseul.com\/index.php\/wp-json\/wp\/v2\/types\/post"}],"author":[{"embeddable":true,"href":"https:\/\/www.vergerdefouisseul.com\/index.php\/wp-json\/wp\/v2\/users\/2"}],"replies":[{"embeddable":true,"href":"https:\/\/www.vergerdefouisseul.com\/index.php\/wp-json\/wp\/v2\/comments?post=127"}],"version-history":[{"count":1,"href":"https:\/\/www.vergerdefouisseul.com\/index.php\/wp-json\/wp\/v2\/posts\/127\/revisions"}],"predecessor-version":[{"id":667,"href":"https:\/\/www.vergerdefouisseul.com\/index.php\/wp-json\/wp\/v2\/posts\/127\/revisions\/667"}],"wp:attachment":[{"href":"https:\/\/www.vergerdefouisseul.com\/index.php\/wp-json\/wp\/v2\/media?parent=127"}],"wp:term":[{"taxonomy":"category","embeddable":true,"href":"https:\/\/www.vergerdefouisseul.com\/index.php\/wp-json\/wp\/v2\/categories?post=127"},{"taxonomy":"post_tag","embeddable":true,"href":"https:\/\/www.vergerdefouisseul.com\/index.php\/wp-json\/wp\/v2\/tags?post=127"}],"curies":[{"name":"wp","href":"https:\/\/api.w.org\/{rel}","templated":true}]}}