{"id":591,"date":"2016-10-26T10:57:33","date_gmt":"2016-10-26T08:57:33","guid":{"rendered":"http:\/\/vergerdefouisseul.com\/?p=591"},"modified":"2016-12-28T15:00:54","modified_gmt":"2016-12-28T14:00:54","slug":"amenagement-exterieur-en-cours","status":"publish","type":"post","link":"https:\/\/www.vergerdefouisseul.com\/index.php\/2016\/10\/26\/amenagement-exterieur-en-cours\/","title":{"rendered":"Am\u00e9nagement ext\u00e9rieur en cours"},"content":{"rendered":"<p>C&rsquo;est la p\u00e9riode des plantations !<br \/>\nApr\u00e8s un tr\u00e8s bel \u00e9t\u00e9, nous allons nous attaquer \u00e0 l&rsquo;am\u00e9nagement des ext\u00e9rieurs.<\/p>\n<p>Les pelouses abim\u00e9es par les travaux du printemps commencent \u00e0 repousser.<br \/>\nEt pour plus d&rsquo;intimit\u00e9 dans les parties privatives ext\u00e9rieures des g\u00eetes, nous sommes en train d&rsquo;installer des ganivelles (petites barri\u00e8res en ch\u00e2taignier qu&rsquo;on peut voir habituellement sur les dunes de sables le long de la c\u00f4te atlantique).<br \/>\nCes petites barri\u00e8res permettront aux arbustes, que nous allons planter aux abords des g\u00eetes, de ne pas \u00eatre d\u00e9vor\u00e9s par nos petits voisins les lapins et chevreuils&#8230;<br \/>\nVoici la premi\u00e8re \u00e9tape, pose des poteaux de maintien :<\/p>\n<p><a href=\"https:\/\/www.vergerdefouisseul.com\/wp-content\/uploads\/2016\/10\/14732168_1185661901516199_3150704516464453192_n.jpg\"><img loading=\"lazy\" decoding=\"async\" class=\"size-medium wp-image-593 aligncenter\" src=\"https:\/\/www.vergerdefouisseul.com\/wp-content\/uploads\/2016\/10\/14732168_1185661901516199_3150704516464453192_n-300x169.jpg\" alt=\"exterieur gites\" width=\"300\" height=\"169\" srcset=\"https:\/\/www.vergerdefouisseul.com\/wp-content\/uploads\/2016\/10\/14732168_1185661901516199_3150704516464453192_n-300x169.jpg 300w, https:\/\/www.vergerdefouisseul.com\/wp-content\/uploads\/2016\/10\/14732168_1185661901516199_3150704516464453192_n-768x432.jpg 768w, https:\/\/www.vergerdefouisseul.com\/wp-content\/uploads\/2016\/10\/14732168_1185661901516199_3150704516464453192_n.jpg 960w\" sizes=\"auto, (max-width: 300px) 100vw, 300px\" \/><\/a><br \/>\nLes plantations arriveront courant novembre.<br \/>\n\u00e0 suivre &#8230;<\/p>\n<p><span style=\"border-radius: 2px; text-indent: 20px; width: auto; padding: 0px 4px 0px 0px; text-align: center; font: bold 11px\/20px 'Helvetica Neue',Helvetica,sans-serif; color: #ffffff; background: #bd081c no-repeat scroll 3px 50% \/ 14px 14px; position: absolute; opacity: 1; z-index: 8675309; display: none; cursor: pointer;\">Enregistrer<\/span><\/p>\n<p><span style=\"border-radius: 2px; text-indent: 20px; width: auto; padding: 0px 4px 0px 0px; text-align: center; font: bold 11px\/20px 'Helvetica Neue',Helvetica,sans-serif; color: #ffffff; background: #bd081c  no-repeat scroll 3px 50% \/ 14px 14px; position: absolute; opacity: 1; z-index: 8675309; display: none; cursor: pointer;\">Enregistrer<\/span><\/p>\n","protected":false},"excerpt":{"rendered":"<p>C&rsquo;est la p\u00e9riode des plantations ! Apr\u00e8s un tr\u00e8s bel \u00e9t\u00e9, nous allons nous attaquer \u00e0 l&rsquo;am\u00e9nagement des ext\u00e9rieurs. Les pelouses abim\u00e9es par les travaux du printemps commencent \u00e0 repousser. Et pour plus d&rsquo;intimit\u00e9 dans les parties privatives ext\u00e9rieures des g\u00eetes, nous sommes en train d&rsquo;installer des ganivelles (petites barri\u00e8res en ch\u00e2taignier qu&rsquo;on peut voir [&hellip;]<\/p>\n","protected":false},"author":1,"featured_media":0,"comment_status":"closed","ping_status":"open","sticky":false,"template":"","format":"standard","meta":{"footnotes":""},"categories":[2],"tags":[],"class_list":{"0":"post-591","1":"post","2":"type-post","3":"status-publish","4":"format-standard","6":"category-amenagement","7":"czr-hentry"},"yoast_head":"<!-- This site is optimized with the Yoast SEO plugin v25.9 - https:\/\/yoast.com\/wordpress\/plugins\/seo\/ -->\n<title>Am\u00e9nagement ext\u00e9rieur en cours - Le Verger de Fouisseul<\/title>\n<meta name=\"robots\" content=\"index, follow, max-snippet:-1, max-image-preview:large, max-video-preview:-1\" \/>\n<link rel=\"canonical\" href=\"https:\/\/www.vergerdefouisseul.com\/index.php\/2016\/10\/26\/amenagement-exterieur-en-cours\/\" \/>\n<meta property=\"og:locale\" content=\"fr_FR\" \/>\n<meta property=\"og:type\" content=\"article\" \/>\n<meta property=\"og:title\" content=\"Am\u00e9nagement ext\u00e9rieur en cours - Le Verger de Fouisseul\" \/>\n<meta property=\"og:description\" content=\"C&rsquo;est la p\u00e9riode des plantations ! Apr\u00e8s un tr\u00e8s bel \u00e9t\u00e9, nous allons nous attaquer \u00e0 l&rsquo;am\u00e9nagement des ext\u00e9rieurs. Les pelouses abim\u00e9es par les travaux du printemps commencent \u00e0 repousser. Et pour plus d&rsquo;intimit\u00e9 dans les parties privatives ext\u00e9rieures des g\u00eetes, nous sommes en train d&rsquo;installer des ganivelles (petites barri\u00e8res en ch\u00e2taignier qu&rsquo;on peut voir [&hellip;]\" \/>\n<meta property=\"og:url\" content=\"https:\/\/www.vergerdefouisseul.com\/index.php\/2016\/10\/26\/amenagement-exterieur-en-cours\/\" \/>\n<meta property=\"og:site_name\" content=\"Le Verger de Fouisseul\" \/>\n<meta property=\"article:publisher\" content=\"https:\/\/www.facebook.com\/vergerfouisseul\" \/>\n<meta property=\"article:published_time\" content=\"2016-10-26T08:57:33+00:00\" \/>\n<meta property=\"article:modified_time\" content=\"2016-12-28T14:00:54+00:00\" \/>\n<meta property=\"og:image\" content=\"https:\/\/www.vergerdefouisseul.com\/wp-content\/uploads\/2016\/10\/14732168_1185661901516199_3150704516464453192_n-300x169.jpg\" \/>\n<meta name=\"author\" content=\"Verger de fouisseul\" \/>\n<meta name=\"twitter:card\" content=\"summary_large_image\" \/>\n<meta name=\"twitter:label1\" content=\"\u00c9crit par\" \/>\n\t<meta name=\"twitter:data1\" content=\"Verger de fouisseul\" \/>\n\t<meta name=\"twitter:label2\" content=\"Dur\u00e9e de lecture estim\u00e9e\" \/>\n\t<meta name=\"twitter:data2\" content=\"1 minute\" \/>\n<script type=\"application\/ld+json\" class=\"yoast-schema-graph\">{\"@context\":\"https:\/\/schema.org\",\"@graph\":[{\"@type\":\"WebPage\",\"@id\":\"https:\/\/www.vergerdefouisseul.com\/index.php\/2016\/10\/26\/amenagement-exterieur-en-cours\/\",\"url\":\"https:\/\/www.vergerdefouisseul.com\/index.php\/2016\/10\/26\/amenagement-exterieur-en-cours\/\",\"name\":\"Am\u00e9nagement ext\u00e9rieur en cours - Le Verger de Fouisseul\",\"isPartOf\":{\"@id\":\"https:\/\/www.vergerdefouisseul.com\/#website\"},\"primaryImageOfPage\":{\"@id\":\"https:\/\/www.vergerdefouisseul.com\/index.php\/2016\/10\/26\/amenagement-exterieur-en-cours\/#primaryimage\"},\"image\":{\"@id\":\"https:\/\/www.vergerdefouisseul.com\/index.php\/2016\/10\/26\/amenagement-exterieur-en-cours\/#primaryimage\"},\"thumbnailUrl\":\"https:\/\/www.vergerdefouisseul.com\/wp-content\/uploads\/2016\/10\/14732168_1185661901516199_3150704516464453192_n-300x169.jpg\",\"datePublished\":\"2016-10-26T08:57:33+00:00\",\"dateModified\":\"2016-12-28T14:00:54+00:00\",\"author\":{\"@id\":\"https:\/\/www.vergerdefouisseul.com\/#\/schema\/person\/07fd7596422a47ae6c5decd6bd714a28\"},\"breadcrumb\":{\"@id\":\"https:\/\/www.vergerdefouisseul.com\/index.php\/2016\/10\/26\/amenagement-exterieur-en-cours\/#breadcrumb\"},\"inLanguage\":\"fr-FR\",\"potentialAction\":[{\"@type\":\"ReadAction\",\"target\":[\"https:\/\/www.vergerdefouisseul.com\/index.php\/2016\/10\/26\/amenagement-exterieur-en-cours\/\"]}]},{\"@type\":\"ImageObject\",\"inLanguage\":\"fr-FR\",\"@id\":\"https:\/\/www.vergerdefouisseul.com\/index.php\/2016\/10\/26\/amenagement-exterieur-en-cours\/#primaryimage\",\"url\":\"https:\/\/www.vergerdefouisseul.com\/wp-content\/uploads\/2016\/10\/14732168_1185661901516199_3150704516464453192_n.jpg\",\"contentUrl\":\"https:\/\/www.vergerdefouisseul.com\/wp-content\/uploads\/2016\/10\/14732168_1185661901516199_3150704516464453192_n.jpg\",\"width\":960,\"height\":540,\"caption\":\"exterieur gites\"},{\"@type\":\"BreadcrumbList\",\"@id\":\"https:\/\/www.vergerdefouisseul.com\/index.php\/2016\/10\/26\/amenagement-exterieur-en-cours\/#breadcrumb\",\"itemListElement\":[{\"@type\":\"ListItem\",\"position\":1,\"name\":\"Accueil\",\"item\":\"https:\/\/www.vergerdefouisseul.com\/\"},{\"@type\":\"ListItem\",\"position\":2,\"name\":\"Am\u00e9nagement ext\u00e9rieur en cours\"}]},{\"@type\":\"WebSite\",\"@id\":\"https:\/\/www.vergerdefouisseul.com\/#website\",\"url\":\"https:\/\/www.vergerdefouisseul.com\/\",\"name\":\"Le Verger de Fouisseul\",\"description\":\"\",\"potentialAction\":[{\"@type\":\"SearchAction\",\"target\":{\"@type\":\"EntryPoint\",\"urlTemplate\":\"https:\/\/www.vergerdefouisseul.com\/?s={search_term_string}\"},\"query-input\":{\"@type\":\"PropertyValueSpecification\",\"valueRequired\":true,\"valueName\":\"search_term_string\"}}],\"inLanguage\":\"fr-FR\"},{\"@type\":\"Person\",\"@id\":\"https:\/\/www.vergerdefouisseul.com\/#\/schema\/person\/07fd7596422a47ae6c5decd6bd714a28\",\"name\":\"Verger de fouisseul\",\"image\":{\"@type\":\"ImageObject\",\"inLanguage\":\"fr-FR\",\"@id\":\"https:\/\/www.vergerdefouisseul.com\/#\/schema\/person\/image\/\",\"url\":\"https:\/\/secure.gravatar.com\/avatar\/c7f66d1aefec62ec98bf4f677d0d81077f21a3843c054081cbc4bd1053801f5b?s=96&d=mm&r=g\",\"contentUrl\":\"https:\/\/secure.gravatar.com\/avatar\/c7f66d1aefec62ec98bf4f677d0d81077f21a3843c054081cbc4bd1053801f5b?s=96&d=mm&r=g\",\"caption\":\"Verger de fouisseul\"},\"url\":\"https:\/\/www.vergerdefouisseul.com\/index.php\/author\/vergerdeil8278\/\"}]}<\/script>\n<!-- \/ Yoast SEO plugin. -->","yoast_head_json":{"title":"Am\u00e9nagement ext\u00e9rieur en cours - Le Verger de Fouisseul","robots":{"index":"index","follow":"follow","max-snippet":"max-snippet:-1","max-image-preview":"max-image-preview:large","max-video-preview":"max-video-preview:-1"},"canonical":"https:\/\/www.vergerdefouisseul.com\/index.php\/2016\/10\/26\/amenagement-exterieur-en-cours\/","og_locale":"fr_FR","og_type":"article","og_title":"Am\u00e9nagement ext\u00e9rieur en cours - Le Verger de Fouisseul","og_description":"C&rsquo;est la p\u00e9riode des plantations ! Apr\u00e8s un tr\u00e8s bel \u00e9t\u00e9, nous allons nous attaquer \u00e0 l&rsquo;am\u00e9nagement des ext\u00e9rieurs. Les pelouses abim\u00e9es par les travaux du printemps commencent \u00e0 repousser. Et pour plus d&rsquo;intimit\u00e9 dans les parties privatives ext\u00e9rieures des g\u00eetes, nous sommes en train d&rsquo;installer des ganivelles (petites barri\u00e8res en ch\u00e2taignier qu&rsquo;on peut voir [&hellip;]","og_url":"https:\/\/www.vergerdefouisseul.com\/index.php\/2016\/10\/26\/amenagement-exterieur-en-cours\/","og_site_name":"Le Verger de Fouisseul","article_publisher":"https:\/\/www.facebook.com\/vergerfouisseul","article_published_time":"2016-10-26T08:57:33+00:00","article_modified_time":"2016-12-28T14:00:54+00:00","og_image":[{"url":"https:\/\/www.vergerdefouisseul.com\/wp-content\/uploads\/2016\/10\/14732168_1185661901516199_3150704516464453192_n-300x169.jpg","type":"","width":"","height":""}],"author":"Verger de fouisseul","twitter_card":"summary_large_image","twitter_misc":{"\u00c9crit par":"Verger de fouisseul","Dur\u00e9e de lecture estim\u00e9e":"1 minute"},"schema":{"@context":"https:\/\/schema.org","@graph":[{"@type":"WebPage","@id":"https:\/\/www.vergerdefouisseul.com\/index.php\/2016\/10\/26\/amenagement-exterieur-en-cours\/","url":"https:\/\/www.vergerdefouisseul.com\/index.php\/2016\/10\/26\/amenagement-exterieur-en-cours\/","name":"Am\u00e9nagement ext\u00e9rieur en cours - Le Verger de Fouisseul","isPartOf":{"@id":"https:\/\/www.vergerdefouisseul.com\/#website"},"primaryImageOfPage":{"@id":"https:\/\/www.vergerdefouisseul.com\/index.php\/2016\/10\/26\/amenagement-exterieur-en-cours\/#primaryimage"},"image":{"@id":"https:\/\/www.vergerdefouisseul.com\/index.php\/2016\/10\/26\/amenagement-exterieur-en-cours\/#primaryimage"},"thumbnailUrl":"https:\/\/www.vergerdefouisseul.com\/wp-content\/uploads\/2016\/10\/14732168_1185661901516199_3150704516464453192_n-300x169.jpg","datePublished":"2016-10-26T08:57:33+00:00","dateModified":"2016-12-28T14:00:54+00:00","author":{"@id":"https:\/\/www.vergerdefouisseul.com\/#\/schema\/person\/07fd7596422a47ae6c5decd6bd714a28"},"breadcrumb":{"@id":"https:\/\/www.vergerdefouisseul.com\/index.php\/2016\/10\/26\/amenagement-exterieur-en-cours\/#breadcrumb"},"inLanguage":"fr-FR","potentialAction":[{"@type":"ReadAction","target":["https:\/\/www.vergerdefouisseul.com\/index.php\/2016\/10\/26\/amenagement-exterieur-en-cours\/"]}]},{"@type":"ImageObject","inLanguage":"fr-FR","@id":"https:\/\/www.vergerdefouisseul.com\/index.php\/2016\/10\/26\/amenagement-exterieur-en-cours\/#primaryimage","url":"https:\/\/www.vergerdefouisseul.com\/wp-content\/uploads\/2016\/10\/14732168_1185661901516199_3150704516464453192_n.jpg","contentUrl":"https:\/\/www.vergerdefouisseul.com\/wp-content\/uploads\/2016\/10\/14732168_1185661901516199_3150704516464453192_n.jpg","width":960,"height":540,"caption":"exterieur gites"},{"@type":"BreadcrumbList","@id":"https:\/\/www.vergerdefouisseul.com\/index.php\/2016\/10\/26\/amenagement-exterieur-en-cours\/#breadcrumb","itemListElement":[{"@type":"ListItem","position":1,"name":"Accueil","item":"https:\/\/www.vergerdefouisseul.com\/"},{"@type":"ListItem","position":2,"name":"Am\u00e9nagement ext\u00e9rieur en cours"}]},{"@type":"WebSite","@id":"https:\/\/www.vergerdefouisseul.com\/#website","url":"https:\/\/www.vergerdefouisseul.com\/","name":"Le Verger de Fouisseul","description":"","potentialAction":[{"@type":"SearchAction","target":{"@type":"EntryPoint","urlTemplate":"https:\/\/www.vergerdefouisseul.com\/?s={search_term_string}"},"query-input":{"@type":"PropertyValueSpecification","valueRequired":true,"valueName":"search_term_string"}}],"inLanguage":"fr-FR"},{"@type":"Person","@id":"https:\/\/www.vergerdefouisseul.com\/#\/schema\/person\/07fd7596422a47ae6c5decd6bd714a28","name":"Verger de fouisseul","image":{"@type":"ImageObject","inLanguage":"fr-FR","@id":"https:\/\/www.vergerdefouisseul.com\/#\/schema\/person\/image\/","url":"https:\/\/secure.gravatar.com\/avatar\/c7f66d1aefec62ec98bf4f677d0d81077f21a3843c054081cbc4bd1053801f5b?s=96&d=mm&r=g","contentUrl":"https:\/\/secure.gravatar.com\/avatar\/c7f66d1aefec62ec98bf4f677d0d81077f21a3843c054081cbc4bd1053801f5b?s=96&d=mm&r=g","caption":"Verger de fouisseul"},"url":"https:\/\/www.vergerdefouisseul.com\/index.php\/author\/vergerdeil8278\/"}]}},"_links":{"self":[{"href":"https:\/\/www.vergerdefouisseul.com\/index.php\/wp-json\/wp\/v2\/posts\/591","targetHints":{"allow":["GET"]}}],"collection":[{"href":"https:\/\/www.vergerdefouisseul.com\/index.php\/wp-json\/wp\/v2\/posts"}],"about":[{"href":"https:\/\/www.vergerdefouisseul.com\/index.php\/wp-json\/wp\/v2\/types\/post"}],"author":[{"embeddable":true,"href":"https:\/\/www.vergerdefouisseul.com\/index.php\/wp-json\/wp\/v2\/users\/1"}],"replies":[{"embeddable":true,"href":"https:\/\/www.vergerdefouisseul.com\/index.php\/wp-json\/wp\/v2\/comments?post=591"}],"version-history":[{"count":4,"href":"https:\/\/www.vergerdefouisseul.com\/index.php\/wp-json\/wp\/v2\/posts\/591\/revisions"}],"predecessor-version":[{"id":656,"href":"https:\/\/www.vergerdefouisseul.com\/index.php\/wp-json\/wp\/v2\/posts\/591\/revisions\/656"}],"wp:attachment":[{"href":"https:\/\/www.vergerdefouisseul.com\/index.php\/wp-json\/wp\/v2\/media?parent=591"}],"wp:term":[{"taxonomy":"category","embeddable":true,"href":"https:\/\/www.vergerdefouisseul.com\/index.php\/wp-json\/wp\/v2\/categories?post=591"},{"taxonomy":"post_tag","embeddable":true,"href":"https:\/\/www.vergerdefouisseul.com\/index.php\/wp-json\/wp\/v2\/tags?post=591"}],"curies":[{"name":"wp","href":"https:\/\/api.w.org\/{rel}","templated":true}]}}